
{"id":2230,"date":"2012-10-04T19:08:06","date_gmt":"2012-10-04T17:08:06","guid":{"rendered":"http:\/\/www.andreineagu.com\/?p=2230"},"modified":"2012-10-04T19:08:06","modified_gmt":"2012-10-04T17:08:06","slug":"problema-ipod-classic","status":"publish","type":"post","link":"https:\/\/andreineagu.com\/blog\/problema-ipod-classic\/","title":{"rendered":"Problem\u0103 iPod Classic"},"content":{"rendered":"<p>De c\u00e2teva zile am observat c\u0103 ascultand unele melodii (din ce-mi amintesc ar fi mai exact <em>Zucchero &#8211; Il Volo<\/em> \u0219i <em>Eros Ramazzotti &#8211; Cose dela vita<\/em>. Frumoase melodii nu?) dup\u0103 c\u00e2teva secunde sare la urm\u0103toarea.<\/p>\n<p><img loading=\"lazy\" decoding=\"async\" class=\"alignnone size-full wp-image-1891\" title=\"iPod Classic\" src=\"https:\/\/andreineagu.com\/blog\/wp-content\/uploads\/2012\/01\/overview_gallery_6_20100901.jpg\" alt=\"iPod Classic\" width=\"549\" height=\"304\" srcset=\"https:\/\/andreineagu.com\/blog\/wp-content\/uploads\/2012\/01\/overview_gallery_6_20100901.jpg 980w, https:\/\/andreineagu.com\/blog\/wp-content\/uploads\/2012\/01\/overview_gallery_6_20100901-300x166.jpg 300w\" sizes=\"auto, (max-width: 549px) 100vw, 549px\" \/><\/p>\n<p>Am verificat \u00een iTunes s\u0103 v\u0103d dac\u0103 \u0219i aici au probleme de skip. Pe MacBook \u00een iTunes totul c\u00e2nt\u0103 f\u0103r\u0103 probleme. Pe iPod \u00eens\u0103 nu. Apoi am \u00eencercat s\u0103 verific iPod-ul cu Disk Utility. Mi-a zis ca HDD e ok. Buuun! Am mai \u00eencercat ceva apoi: am derulat melodia peste momentul unde sare la urm\u0103toarea \u0219i surpriza a fost s\u0103 v\u0103d ca melodia continu\u0103 s\u0103 c\u00e2nte. Acum stau \u0219i m\u0103 \u00eentreb ce problem\u0103 are. Este de soft, hardware sau de syncronizare? M\u0103 g\u00e2ndesc c\u0103 se poate s\u0103 aibe vreo leg\u0103tur\u0103 cu situa\u021bia \u00een care c\u00e2teodat\u0103 dup\u0103 ce sincronizez iPod-ul in iTunes, dup\u0103 mesajul \u201cSync is complete\u201d \u00eemi apare din nou \u201csyncronizing\u201d \u0219i deci nu pot s\u0103-l decuplez. \u0219i syncronizeaz\u0103 p\u00e2n\u0103 m\u00e2ine. A\u0219a c\u0103 se \u00eentampl\u0103 ca \u00een acele d\u0103\u021bi s\u0103-l decuplez manual chiar daca dac\u0103 nu \u0219i-a terminat treaba.<\/p>\n<p><strong>Update 1<\/strong>. O sa incerc sa editez si ID-Tag-ul din .mp3 ca sa-l bage in seam\u0103 iTunes la resincronizare. R\u0103m\u00e2ne de v\u0103zut cum se comport\u0103.<\/p>\n<p><strong>Update 2<\/strong>. Am \u00eencercat \u0219i asta \u0219i n-a mers. Sare exact acelea\u0219i melodii chiar dac\u0103 le-am editat \u0219i deci s-au resincronizat. Nu \u0219tiu ce s\u0103 fac! Am urm\u0103toarele solu\u021bii:<\/p>\n<p>&#8211; s\u0103 \u0219terg .mp3-ul cu pricina \u0219i s\u0103-l \u00eenlocuiesc cu altul din alt\u0103 surs\u0103<br \/>\n&#8211; s\u0103 dau unsync la tot ce am pe iPod si apoi Sync again<br \/>\n&#8211; s\u0103 formatez discul fizic in HFS Journaled<br \/>\n&#8211; s\u0103 stau lini\u0219tit \u0219i s\u0103 m\u0103 duc cu \u201cdovezile\u201d la Noumax\/iStyle<\/p>\n","protected":false},"excerpt":{"rendered":"<p>De c\u00e2teva zile am observat c\u0103 ascultand unele melodii (din ce-mi amintesc ar fi mai exact Zucchero &#8211; Il Volo \u0219i Eros Ramazzotti &#8211; Cose dela vita. Frumoase melodii nu?) dup\u0103 c\u00e2teva secunde sare la urm\u0103toarea. Am verificat \u00een iTunes s\u0103 v\u0103d dac\u0103 \u0219i aici au probleme de skip. Pe MacBook \u00een iTunes totul c\u00e2nt\u0103 f\u0103r\u0103 probleme. Pe iPod \u00eens\u0103 nu. Apoi am \u00eencercat s\u0103 verific iPod-ul cu Disk Utility. Mi-a zis ca HDD e ok. Buuun! Am mai \u00eencercat ceva apoi: am derulat melodia peste momentul unde sare la urm\u0103toarea \u0219i surpriza a fost s\u0103 v\u0103d ca melodia continu\u0103 s\u0103 c\u00e2nte. Acum stau \u0219i m\u0103 \u00eentreb ce problem\u0103 are. Este de soft, hardware sau de syncronizare? M\u0103 g\u00e2ndesc c\u0103 se poate s\u0103 aibe vreo leg\u0103tur\u0103 cu situa\u021bia \u00een care c\u00e2teodat\u0103 dup\u0103 ce sincronizez iPod-ul in iTunes, dup\u0103 mesajul \u201cSync is complete\u201d \u00eemi apare din nou \u201csyncronizing\u201d \u0219i deci nu pot s\u0103-l decuplez. \u0219i syncronizeaz\u0103 p\u00e2n\u0103 m\u00e2ine. A\u0219a c\u0103 se \u00eentampl\u0103 ca \u00een acele d\u0103\u021bi s\u0103-l decuplez manual chiar daca dac\u0103 nu \u0219i-a terminat treaba. Update 1. O sa incerc sa editez si ID-Tag-ul din .mp3 ca sa-l bage in seam\u0103 iTunes la resincronizare. R\u0103m\u00e2ne de v\u0103zut cum se comport\u0103.<a href=\"https:\/\/andreineagu.com\/blog\/problema-ipod-classic\/\" class=\"more_link more_link_dots\"> &hellip; <\/a><\/p>\n","protected":false},"author":1,"featured_media":0,"comment_status":"open","ping_status":"open","sticky":false,"template":"","format":"standard","meta":{"ngg_post_thumbnail":0,"footnotes":""},"categories":[3,28],"tags":[153,352,154,721,834,833],"class_list":["post-2230","post","type-post","status-publish","format-standard","hentry","category-personal","category-technology","tag-apple","tag-classic","tag-ipod","tag-ipod-classic","tag-problema","tag-service"],"_links":{"self":[{"href":"https:\/\/andreineagu.com\/blog\/wp-json\/wp\/v2\/posts\/2230","targetHints":{"allow":["GET"]}}],"collection":[{"href":"https:\/\/andreineagu.com\/blog\/wp-json\/wp\/v2\/posts"}],"about":[{"href":"https:\/\/andreineagu.com\/blog\/wp-json\/wp\/v2\/types\/post"}],"author":[{"embeddable":true,"href":"https:\/\/andreineagu.com\/blog\/wp-json\/wp\/v2\/users\/1"}],"replies":[{"embeddable":true,"href":"https:\/\/andreineagu.com\/blog\/wp-json\/wp\/v2\/comments?post=2230"}],"version-history":[{"count":1,"href":"https:\/\/andreineagu.com\/blog\/wp-json\/wp\/v2\/posts\/2230\/revisions"}],"predecessor-version":[{"id":2231,"href":"https:\/\/andreineagu.com\/blog\/wp-json\/wp\/v2\/posts\/2230\/revisions\/2231"}],"wp:attachment":[{"href":"https:\/\/andreineagu.com\/blog\/wp-json\/wp\/v2\/media?parent=2230"}],"wp:term":[{"taxonomy":"category","embeddable":true,"href":"https:\/\/andreineagu.com\/blog\/wp-json\/wp\/v2\/categories?post=2230"},{"taxonomy":"post_tag","embeddable":true,"href":"https:\/\/andreineagu.com\/blog\/wp-json\/wp\/v2\/tags?post=2230"}],"curies":[{"name":"wp","href":"https:\/\/api.w.org\/{rel}","templated":true}]}}