
{"id":2960,"date":"2014-08-30T12:54:13","date_gmt":"2014-08-30T10:54:13","guid":{"rendered":"http:\/\/www.andreineagu.com\/?p=2960"},"modified":"2014-08-30T12:54:13","modified_gmt":"2014-08-30T10:54:13","slug":"in-brate","status":"publish","type":"post","link":"https:\/\/andreineagu.com\/blog\/in-brate\/","title":{"rendered":"\u00cen bra\u021be"},"content":{"rendered":"<p>Mi-am strecurat m\u00e2na sub tine. Te-am curpins \u00een bra\u021bele mele \u0219i m-am cufundat mai ad\u00e2nc \u00een a\u0219ternuturile \u0103stea cu miros de .. noi. Am z\u00e2mbit necontrolat pentru c\u0103 \u0219i tu mi-ai z\u00e2mbit. Pentru o clip\u0103 ziua s-a unit cu noaptea \u0219i asta pentru c\u0103 acolo \u00een bra\u021bele tale nu mai exist\u0103 nici timp, nici spa\u021biu, nici con\u0219tiin\u021b\u0103, griji sau probleme.<\/p>\n<p>\u0218i pentru un moment, mi-am \u00eennecat mintea \u00een marea de g\u00e2nduri f\u0103r\u0103 margini. Am \u00eempins-o departe de \u021b\u0103rm, acolo departe unde cerul \u0219i apa formeaz\u0103 un orizont, acolo unde.. nu pot s\u0103 g\u00e2ndesc sau acolo unde nu mai \u0219tiu de mine. \u0218i totul este o avalan\u0219\u0103 euforic\u0103 f\u0103r\u0103 margini, un sentiment care nu poate fi descris \u00een cuvinte, un sentiment care nu are nevoie de \u00eentoarcere sau de barca de salvare. <\/p>\n<p>Am revenit la \u021b\u0103rm. Deschid ochii. Nu vreau s\u0103 plec. Se face 10 \u0219i jur c\u0103 te-a\u0219 min\u021bi c\u0103 este nou\u0103 jumate doar c\u0103 s\u0103 mai stau \u00eennecat \u00een bra\u021bele tale, s\u0103 te privesc \u00een ochi, s\u0103-mi zambesti, sa-ti zambesc inapoi cople\u0219it de senza\u021bii, s\u0103-mi zburde mintea departe sau s\u0103 mai simt pielea ta calda \u0219i .. a\u0219ternuturile \u0103stea cu miros de noi.<\/p>\n","protected":false},"excerpt":{"rendered":"<p>Mi-am strecurat m\u00e2na sub tine. Te-am curpins \u00een bra\u021bele mele \u0219i m-am cufundat mai ad\u00e2nc \u00een a\u0219ternuturile \u0103stea cu miros de .. noi. Am z\u00e2mbit necontrolat pentru c\u0103 \u0219i tu mi-ai z\u00e2mbit. Pentru o clip\u0103 ziua s-a unit cu noaptea \u0219i asta pentru c\u0103 acolo \u00een bra\u021bele tale nu mai exist\u0103 nici timp, nici spa\u021biu, nici con\u0219tiin\u021b\u0103, griji sau probleme. \u0218i pentru un moment, mi-am \u00eennecat mintea \u00een marea de g\u00e2nduri f\u0103r\u0103 margini. Am \u00eempins-o departe de \u021b\u0103rm, acolo departe unde cerul \u0219i apa formeaz\u0103 un orizont, acolo unde.. nu pot s\u0103 g\u00e2ndesc sau acolo unde nu mai \u0219tiu de mine. \u0218i totul este o avalan\u0219\u0103 euforic\u0103 f\u0103r\u0103 margini, un sentiment care nu poate fi descris \u00een cuvinte, un sentiment care nu are nevoie de \u00eentoarcere sau de barca de salvare. Am revenit la \u021b\u0103rm. Deschid ochii. Nu vreau s\u0103 plec. Se face 10 \u0219i jur c\u0103 te-a\u0219 min\u021bi c\u0103 este nou\u0103 jumate doar c\u0103 s\u0103 mai stau \u00eennecat \u00een bra\u021bele tale, s\u0103 te privesc \u00een ochi, s\u0103-mi zambesti, sa-ti zambesc inapoi cople\u0219it de senza\u021bii, s\u0103-mi zburde mintea departe sau s\u0103 mai simt pielea ta calda \u0219i .. a\u0219ternuturile \u0103stea cu miros de noi.<\/p>\n","protected":false},"author":1,"featured_media":0,"comment_status":"open","ping_status":"open","sticky":false,"template":"","format":"standard","meta":{"ngg_post_thumbnail":0,"footnotes":""},"categories":[1],"tags":[947],"class_list":["post-2960","post","type-post","status-publish","format-standard","hentry","category-stuff","tag-thoughts"],"_links":{"self":[{"href":"https:\/\/andreineagu.com\/blog\/wp-json\/wp\/v2\/posts\/2960","targetHints":{"allow":["GET"]}}],"collection":[{"href":"https:\/\/andreineagu.com\/blog\/wp-json\/wp\/v2\/posts"}],"about":[{"href":"https:\/\/andreineagu.com\/blog\/wp-json\/wp\/v2\/types\/post"}],"author":[{"embeddable":true,"href":"https:\/\/andreineagu.com\/blog\/wp-json\/wp\/v2\/users\/1"}],"replies":[{"embeddable":true,"href":"https:\/\/andreineagu.com\/blog\/wp-json\/wp\/v2\/comments?post=2960"}],"version-history":[{"count":1,"href":"https:\/\/andreineagu.com\/blog\/wp-json\/wp\/v2\/posts\/2960\/revisions"}],"predecessor-version":[{"id":2961,"href":"https:\/\/andreineagu.com\/blog\/wp-json\/wp\/v2\/posts\/2960\/revisions\/2961"}],"wp:attachment":[{"href":"https:\/\/andreineagu.com\/blog\/wp-json\/wp\/v2\/media?parent=2960"}],"wp:term":[{"taxonomy":"category","embeddable":true,"href":"https:\/\/andreineagu.com\/blog\/wp-json\/wp\/v2\/categories?post=2960"},{"taxonomy":"post_tag","embeddable":true,"href":"https:\/\/andreineagu.com\/blog\/wp-json\/wp\/v2\/tags?post=2960"}],"curies":[{"name":"wp","href":"https:\/\/api.w.org\/{rel}","templated":true}]}}